{"id":24,"count":37,"description":"Exposez un foulard de soie, un carr\u00e9 Herm\u00e8s, avec un encadrement qui respecte les valeurs de cette maison embl\u00e9matique du luxe \u00e0 la fran\u00e7aise en qu\u00eate de perfection, de la cr\u00e9ation \u00e0 la fabrication.","link":"https:\/\/mon-carre-deco.com\/en\/product-category\/carre-90x90\/","name":"Carr\u00e9s 90 x 90 cm","slug":"carre-90x90","taxonomy":"product_cat","parent":0,"meta":[],"yoast_head":"<!-- This site is optimized with the Yoast SEO plugin v25.4 - https:\/\/yoast.com\/wordpress\/plugins\/seo\/ -->\n<title>Archives des Carr\u00e9s 90 x 90 cm - Mon Carr\u00e9 D\u00e9co<\/title>\n<meta name=\"description\" content=\"Des foulards vintages en soie Herm\u00e8s 90x90 encadr\u00e9s pour une d\u00e9coration murale \u00e9l\u00e9gante et originale\" \/>\n<meta name=\"robots\" content=\"index, follow, max-snippet:-1, max-image-preview:large, max-video-preview:-1\" \/>\n<link rel=\"canonical\" href=\"https:\/\/mon-carre-deco.com\/en\/product-category\/carre-90x90\/\" \/>\n<meta property=\"og:locale\" content=\"en_US\" \/>\n<meta property=\"og:type\" content=\"article\" \/>\n<meta property=\"og:title\" content=\"Archives des Carr\u00e9s 90 x 90 cm - Mon Carr\u00e9 D\u00e9co\" \/>\n<meta property=\"og:description\" content=\"Des foulards vintages en soie Herm\u00e8s 90x90 encadr\u00e9s pour une d\u00e9coration murale \u00e9l\u00e9gante et originale\" \/>\n<meta property=\"og:url\" content=\"https:\/\/mon-carre-deco.com\/en\/product-category\/carre-90x90\/\" \/>\n<meta property=\"og:site_name\" content=\"Mon Carr\u00e9 D\u00e9co\" \/>\n<meta name=\"twitter:card\" content=\"summary_large_image\" \/>\n<script type=\"application\/ld+json\" class=\"yoast-schema-graph\">{\"@context\":\"https:\/\/schema.org\",\"@graph\":[{\"@type\":\"CollectionPage\",\"@id\":\"https:\/\/mon-carre-deco.com\/categorie-produit\/carre-90x90\/\",\"url\":\"https:\/\/mon-carre-deco.com\/categorie-produit\/carre-90x90\/\",\"name\":\"Archives des Carr\u00e9s 90 x 90 cm - Mon Carr\u00e9 D\u00e9co\",\"isPartOf\":{\"@id\":\"https:\/\/mon-carre-deco.com\/#website\"},\"description\":\"Des foulards vintages en soie Herm\u00e8s 90x90 encadr\u00e9s pour une d\u00e9coration murale \u00e9l\u00e9gante et originale\",\"breadcrumb\":{\"@id\":\"https:\/\/mon-carre-deco.com\/categorie-produit\/carre-90x90\/#breadcrumb\"},\"inLanguage\":\"en-US\"},{\"@type\":\"BreadcrumbList\",\"@id\":\"https:\/\/mon-carre-deco.com\/categorie-produit\/carre-90x90\/#breadcrumb\",\"itemListElement\":[{\"@type\":\"ListItem\",\"position\":1,\"name\":\"Accueil\",\"item\":\"https:\/\/mon-carre-deco.com\/\"},{\"@type\":\"ListItem\",\"position\":2,\"name\":\"Carr\u00e9s 90 x 90 cm\"}]},{\"@type\":\"WebSite\",\"@id\":\"https:\/\/mon-carre-deco.com\/#website\",\"url\":\"https:\/\/mon-carre-deco.com\/\",\"name\":\"Mon Carr\u00e9 D\u00e9co\",\"description\":\"Mon Carr\u00e9 D&#039;art at Home, vente de tableau Herm\u00e8s, foulard carr\u00e9 Herm\u00e8s encadr\u00e9\",\"publisher\":{\"@id\":\"https:\/\/mon-carre-deco.com\/#organization\"},\"potentialAction\":[{\"@type\":\"SearchAction\",\"target\":{\"@type\":\"EntryPoint\",\"urlTemplate\":\"https:\/\/mon-carre-deco.com\/?s={search_term_string}\"},\"query-input\":{\"@type\":\"PropertyValueSpecification\",\"valueRequired\":true,\"valueName\":\"search_term_string\"}}],\"inLanguage\":\"en-US\"},{\"@type\":\"Organization\",\"@id\":\"https:\/\/mon-carre-deco.com\/#organization\",\"name\":\"Mon Carr\u00e9 D\u00e9co\",\"url\":\"https:\/\/mon-carre-deco.com\/\",\"logo\":{\"@type\":\"ImageObject\",\"inLanguage\":\"en-US\",\"@id\":\"https:\/\/mon-carre-deco.com\/#\/schema\/logo\/image\/\",\"url\":\"https:\/\/mon-carre-deco.com\/wp-content\/uploads\/2021\/04\/cropped-Logo-mon-carre-deco-2.png\",\"contentUrl\":\"https:\/\/mon-carre-deco.com\/wp-content\/uploads\/2021\/04\/cropped-Logo-mon-carre-deco-2.png\",\"width\":1043,\"height\":1043,\"caption\":\"Mon Carr\u00e9 D\u00e9co\"},\"image\":{\"@id\":\"https:\/\/mon-carre-deco.com\/#\/schema\/logo\/image\/\"}}]}<\/script>\n<!-- \/ Yoast SEO plugin. -->","yoast_head_json":{"title":"Archives des Carr\u00e9s 90 x 90 cm - Mon Carr\u00e9 D\u00e9co","description":"Des foulards vintages en soie Herm\u00e8s 90x90 encadr\u00e9s pour une d\u00e9coration murale \u00e9l\u00e9gante et originale","robots":{"index":"index","follow":"follow","max-snippet":"max-snippet:-1","max-image-preview":"max-image-preview:large","max-video-preview":"max-video-preview:-1"},"canonical":"https:\/\/mon-carre-deco.com\/en\/product-category\/carre-90x90\/","og_locale":"en_US","og_type":"article","og_title":"Archives des Carr\u00e9s 90 x 90 cm - Mon Carr\u00e9 D\u00e9co","og_description":"Des foulards vintages en soie Herm\u00e8s 90x90 encadr\u00e9s pour une d\u00e9coration murale \u00e9l\u00e9gante et originale","og_url":"https:\/\/mon-carre-deco.com\/en\/product-category\/carre-90x90\/","og_site_name":"Mon Carr\u00e9 D\u00e9co","twitter_card":"summary_large_image","schema":{"@context":"https:\/\/schema.org","@graph":[{"@type":"CollectionPage","@id":"https:\/\/mon-carre-deco.com\/categorie-produit\/carre-90x90\/","url":"https:\/\/mon-carre-deco.com\/categorie-produit\/carre-90x90\/","name":"Archives des Carr\u00e9s 90 x 90 cm - Mon Carr\u00e9 D\u00e9co","isPartOf":{"@id":"https:\/\/mon-carre-deco.com\/#website"},"description":"Des foulards vintages en soie Herm\u00e8s 90x90 encadr\u00e9s pour une d\u00e9coration murale \u00e9l\u00e9gante et originale","breadcrumb":{"@id":"https:\/\/mon-carre-deco.com\/categorie-produit\/carre-90x90\/#breadcrumb"},"inLanguage":"en-US"},{"@type":"BreadcrumbList","@id":"https:\/\/mon-carre-deco.com\/categorie-produit\/carre-90x90\/#breadcrumb","itemListElement":[{"@type":"ListItem","position":1,"name":"Accueil","item":"https:\/\/mon-carre-deco.com\/"},{"@type":"ListItem","position":2,"name":"Carr\u00e9s 90 x 90 cm"}]},{"@type":"WebSite","@id":"https:\/\/mon-carre-deco.com\/#website","url":"https:\/\/mon-carre-deco.com\/","name":"Mon Carr\u00e9 D\u00e9co","description":"Mon Carr\u00e9 D&#039;art at Home, vente de tableau Herm\u00e8s, foulard carr\u00e9 Herm\u00e8s encadr\u00e9","publisher":{"@id":"https:\/\/mon-carre-deco.com\/#organization"},"potentialAction":[{"@type":"SearchAction","target":{"@type":"EntryPoint","urlTemplate":"https:\/\/mon-carre-deco.com\/?s={search_term_string}"},"query-input":{"@type":"PropertyValueSpecification","valueRequired":true,"valueName":"search_term_string"}}],"inLanguage":"en-US"},{"@type":"Organization","@id":"https:\/\/mon-carre-deco.com\/#organization","name":"Mon Carr\u00e9 D\u00e9co","url":"https:\/\/mon-carre-deco.com\/","logo":{"@type":"ImageObject","inLanguage":"en-US","@id":"https:\/\/mon-carre-deco.com\/#\/schema\/logo\/image\/","url":"https:\/\/mon-carre-deco.com\/wp-content\/uploads\/2021\/04\/cropped-Logo-mon-carre-deco-2.png","contentUrl":"https:\/\/mon-carre-deco.com\/wp-content\/uploads\/2021\/04\/cropped-Logo-mon-carre-deco-2.png","width":1043,"height":1043,"caption":"Mon Carr\u00e9 D\u00e9co"},"image":{"@id":"https:\/\/mon-carre-deco.com\/#\/schema\/logo\/image\/"}}]}},"_links":{"self":[{"href":"https:\/\/mon-carre-deco.com\/en\/wp-json\/wp\/v2\/product_cat\/24","targetHints":{"allow":["GET"]}}],"collection":[{"href":"https:\/\/mon-carre-deco.com\/en\/wp-json\/wp\/v2\/product_cat"}],"about":[{"href":"https:\/\/mon-carre-deco.com\/en\/wp-json\/wp\/v2\/taxonomies\/product_cat"}],"wp:post_type":[{"href":"https:\/\/mon-carre-deco.com\/en\/wp-json\/wp\/v2\/product?product_cat=24"}],"curies":[{"name":"wp","href":"https:\/\/api.w.org\/{rel}","templated":true}]}}